{"id":1674,"date":"2010-09-19T02:12:49","date_gmt":"2010-09-19T00:12:49","guid":{"rendered":"https:\/\/www.kairosquartett.com\/?post_type=pressestimmen&#038;p=1674"},"modified":"2025-01-12T18:49:21","modified_gmt":"2025-01-12T17:49:21","slug":"klaenge-aus-der-dunkelkammer","status":"publish","type":"pressestimmen","link":"https:\/\/www.kairosquartett.de\/en\/press-reviews\/klaenge-aus-der-dunkelkammer\/","title":{"rendered":"Kl\u00e4nge aus der Dunkelkammer"},"content":{"rendered":"\n<p>Musikfest Stuttgart: Mit einem Symposium wird das Thema Nacht unterf\u00fcttert, und das Kairos Quartett spielt im stockfinsteren Raum. Licht aus! 50 Zuh\u00f6rer im Probensaal der Internationalen Bachakademie k\u00f6nnen am Montagabend die Hand vor Augen nicht sehen. Es ist stockduster im Raum. So \u00e4hnlich, denken jene, die zuvor im Symposium \u201eDie Musik der Nacht\u201c den Ausf\u00fchrungen des \u00f6sterreichischen Komponisten Georg Friedrich Haas lauschten, m\u00fcssen Menschen vor der Entstehung von Lichtsmog und Luftverschmutzung jahrtausendelang die Nacht erlebt haben. Wer immer wieder vollst\u00e4ndiger Finsternis ausgeliefert ist, muss das Licht als Gottesgabe empfinden \u2013 und das Unfassbare, Ungreifbare, Unbegreifliche, D\u00e4monische der Dunkelheit f\u00fcrchten. Man k\u00f6nne noch gehen, verk\u00fcndet der Dramaturg Michael Gassmann vor dem denkw\u00fcrdigen Ereignis \u2013 man k\u00f6nne noch gehen, wenn man es sich nicht zutraue, 50 Minuten in der Dunkelheit auszuhalten. Man solle unbedingt gehen, warnt Haas, der das Streichquartett \u201eIn iiij noct.\u201c 2001 als \u201eVerbalpartitur\u201c konzipierte, denn er wolle mit seiner Musik auf keinen Fall einem Zuh\u00f6rer Schmerzen zuf\u00fcgen. Klar, dass nach diesen Worten keiner gehen will. Packendes im Dunkeln erlebt man nicht alle Tage. Das Kairos-Quartett verteilt sich im Saal. Dann geht das Licht aus. Dem Publikum wird schwarz vor Augen. Die Quadrofonie beginnt mit einem Abtasten des Klangraumes. Allein gelassen mit den Kl\u00e4ngen, dienen den Zuh\u00f6rern das leise Sirren und kratzende Kreisen der Kl\u00e4nge in den vier Ecken als alleinige Orientierung. Die Zeit l\u00e4ngt sich. Sie entgleitet. Nach zwei Dritteln des St\u00fccks, hat Haas versprochen, soll ein Zitat aus einem Madrigal des italienischen Komponisten Carlo Gesualdo zu h\u00f6ren sein, das an der Bruchstelle zwischen Renaissance und Fr\u00fchbarock entstand. Man wartet auf Musik von dem Mann, der seine Frau mitsamt ihrem Liebhaber umbrachte, doch sie will einfach nicht kommen. Ob die Musik in einem beleuchteten Zimmer wohl viel leiser kl\u00e4nge? Jetzt ist sie so laut. Es trillert, Obert\u00f6ne werden umspielt, \u00e4therische Flageoletts fl\u00f6ten, T\u00f6ne gleiten aufw\u00e4rts, abw\u00e4rts, neue Impulse kommen aus unterschiedlichen Richtungen, werden auf anderen Positionen aufgenommen, ver\u00e4ndert, imitiert. Die Streicher des Kairos Quartetts verstehen sich blind, und bei manchen zweistimmigen Passagen mag man meinen, einer von ihnen h\u00e4tte seinen Standort verlassen und sich im Dunkeln einem anderen zugesellt. Hat er aber nicht. Weil das Quartett seine Augen ebenso wenig benutzen kann wie das Publikum, entfernt sich das St\u00fcck unweigerlich von jenen fein ausgearbeiteten Klangwelten, f\u00fcr die der 57-j\u00e4hrige Komponist weltweit gefeiert wird. Als Erlebnis ist \u201eIn iij noct.\u201c \u00fcberzeugender denn als Komposition (die es im strengen Sinne ja auch nicht ist). Und nach einer wirkungsvollen Pizzicato-Stelle nutzt sich das Vokabular sp\u00fcrbar ab. Auf die Verneigung vor Gesualdo, die schlie\u00dflich doch noch kommt, folgt nicht mehr viel. Doch die Energie der Musik, nein vor allem die Energie der Musiker f\u00fcllt den Raum, und sie ist auch noch da, als das Licht im Saal wieder angeht. Mit dem Dunkel schwindet der Zauber. Man vergisst ihn aber nicht.<br><em>Susanne Benda, Stuttgarter Nachrichten v. 1. September 2010<\/em><\/p>\n","protected":false},"excerpt":{"rendered":"<p>Musikfest Stuttgart: Mit einem Symposium wird das Thema Nacht unterf\u00fcttert, und das Kairos Quartett spielt im stockfinsteren Raum. Licht aus! 50 Zuh\u00f6rer im Probensaal der Internationalen Bachakademie k\u00f6nnen am Montagabend&hellip;<\/p>\n","protected":false},"featured_media":0,"menu_order":0,"template":"","class_list":["post-1674","pressestimmen","type-pressestimmen","status-publish","hentry","no-post-thumbnail"],"acf":[],"yoast_head":"<!-- This site is optimized with the Yoast SEO plugin v27.5 - https:\/\/yoast.com\/product\/yoast-seo-wordpress\/ -->\n<title>Kl\u00e4nge aus der Dunkelkammer &#8226; Kairos Quartett<\/title>\n<meta name=\"robots\" content=\"index, follow, max-snippet:-1, max-image-preview:large, max-video-preview:-1\" \/>\n<link rel=\"canonical\" href=\"https:\/\/www.kairosquartett.de\/en\/press-reviews\/klaenge-aus-der-dunkelkammer\/\" \/>\n<meta property=\"og:locale\" content=\"en_US\" \/>\n<meta property=\"og:type\" content=\"article\" \/>\n<meta property=\"og:title\" content=\"Kl\u00e4nge aus der Dunkelkammer &#8226; Kairos Quartett\" \/>\n<meta property=\"og:description\" content=\"Musikfest Stuttgart: Mit einem Symposium wird das Thema Nacht unterf\u00fcttert, und das Kairos Quartett spielt im stockfinsteren Raum. Licht aus! 50 Zuh\u00f6rer im Probensaal der Internationalen Bachakademie k\u00f6nnen am Montagabend&hellip;\" \/>\n<meta property=\"og:url\" content=\"https:\/\/www.kairosquartett.de\/en\/press-reviews\/klaenge-aus-der-dunkelkammer\/\" \/>\n<meta property=\"og:site_name\" content=\"Kairos Quartett\" \/>\n<meta property=\"article:publisher\" content=\"https:\/\/www.facebook.com\/people\/Kairos-Quartett\/100083232457507\/\" \/>\n<meta property=\"article:modified_time\" content=\"2025-01-12T17:49:21+00:00\" \/>\n<meta name=\"twitter:card\" content=\"summary_large_image\" \/>\n<meta name=\"twitter:label1\" content=\"Est. reading time\" \/>\n\t<meta name=\"twitter:data1\" content=\"3 minutes\" \/>\n<script type=\"application\/ld+json\" class=\"yoast-schema-graph\">{\"@context\":\"https:\\\/\\\/schema.org\",\"@graph\":[{\"@type\":\"WebPage\",\"@id\":\"https:\\\/\\\/www.kairosquartett.de\\\/en\\\/press-reviews\\\/klaenge-aus-der-dunkelkammer\\\/\",\"url\":\"https:\\\/\\\/www.kairosquartett.de\\\/en\\\/press-reviews\\\/klaenge-aus-der-dunkelkammer\\\/\",\"name\":\"Kl\u00e4nge aus der Dunkelkammer &#8226; Kairos Quartett\",\"isPartOf\":{\"@id\":\"https:\\\/\\\/www.kairosquartett.de\\\/en\\\/#website\"},\"datePublished\":\"2010-09-19T00:12:49+00:00\",\"dateModified\":\"2025-01-12T17:49:21+00:00\",\"breadcrumb\":{\"@id\":\"https:\\\/\\\/www.kairosquartett.de\\\/en\\\/press-reviews\\\/klaenge-aus-der-dunkelkammer\\\/#breadcrumb\"},\"inLanguage\":\"en-US\",\"potentialAction\":[{\"@type\":\"ReadAction\",\"target\":[\"https:\\\/\\\/www.kairosquartett.de\\\/en\\\/press-reviews\\\/klaenge-aus-der-dunkelkammer\\\/\"]}]},{\"@type\":\"BreadcrumbList\",\"@id\":\"https:\\\/\\\/www.kairosquartett.de\\\/en\\\/press-reviews\\\/klaenge-aus-der-dunkelkammer\\\/#breadcrumb\",\"itemListElement\":[{\"@type\":\"ListItem\",\"position\":1,\"name\":\"Startseite\",\"item\":\"https:\\\/\\\/www.kairosquartett.de\\\/en\\\/welcome\\\/\"},{\"@type\":\"ListItem\",\"position\":2,\"name\":\"Pressestimmen\",\"item\":\"https:\\\/\\\/www.kairosquartett.de\\\/en\\\/press-reviews\\\/\"},{\"@type\":\"ListItem\",\"position\":3,\"name\":\"Kl\u00e4nge aus der Dunkelkammer\"}]},{\"@type\":\"WebSite\",\"@id\":\"https:\\\/\\\/www.kairosquartett.de\\\/en\\\/#website\",\"url\":\"https:\\\/\\\/www.kairosquartett.de\\\/en\\\/\",\"name\":\"Kairos Quartett\",\"description\":\"Official website of the Kairos Quartett, a professional quartet specialised in contemporary music based in Berlin, Germany.\",\"publisher\":{\"@id\":\"https:\\\/\\\/www.kairosquartett.de\\\/en\\\/#organization\"},\"potentialAction\":[{\"@type\":\"SearchAction\",\"target\":{\"@type\":\"EntryPoint\",\"urlTemplate\":\"https:\\\/\\\/www.kairosquartett.de\\\/en\\\/?s={search_term_string}\"},\"query-input\":{\"@type\":\"PropertyValueSpecification\",\"valueRequired\":true,\"valueName\":\"search_term_string\"}}],\"inLanguage\":\"en-US\"},{\"@type\":\"Organization\",\"@id\":\"https:\\\/\\\/www.kairosquartett.de\\\/en\\\/#organization\",\"name\":\"Kairos Quartett\",\"url\":\"https:\\\/\\\/www.kairosquartett.de\\\/en\\\/\",\"logo\":{\"@type\":\"ImageObject\",\"inLanguage\":\"en-US\",\"@id\":\"https:\\\/\\\/www.kairosquartett.de\\\/en\\\/#\\\/schema\\\/logo\\\/image\\\/\",\"url\":\"https:\\\/\\\/www.kairosquartett.com\\\/wp-content\\\/uploads\\\/2023\\\/10\\\/cropped-kq-logo-512px.jpg\",\"contentUrl\":\"https:\\\/\\\/www.kairosquartett.com\\\/wp-content\\\/uploads\\\/2023\\\/10\\\/cropped-kq-logo-512px.jpg\",\"width\":512,\"height\":512,\"caption\":\"Kairos Quartett\"},\"image\":{\"@id\":\"https:\\\/\\\/www.kairosquartett.de\\\/en\\\/#\\\/schema\\\/logo\\\/image\\\/\"},\"sameAs\":[\"https:\\\/\\\/www.facebook.com\\\/people\\\/Kairos-Quartett\\\/100083232457507\\\/\"]}]}<\/script>\n<!-- \/ Yoast SEO plugin. -->","yoast_head_json":{"title":"Kl\u00e4nge aus der Dunkelkammer &#8226; Kairos Quartett","robots":{"index":"index","follow":"follow","max-snippet":"max-snippet:-1","max-image-preview":"max-image-preview:large","max-video-preview":"max-video-preview:-1"},"canonical":"https:\/\/www.kairosquartett.de\/en\/press-reviews\/klaenge-aus-der-dunkelkammer\/","og_locale":"en_US","og_type":"article","og_title":"Kl\u00e4nge aus der Dunkelkammer &#8226; Kairos Quartett","og_description":"Musikfest Stuttgart: Mit einem Symposium wird das Thema Nacht unterf\u00fcttert, und das Kairos Quartett spielt im stockfinsteren Raum. Licht aus! 50 Zuh\u00f6rer im Probensaal der Internationalen Bachakademie k\u00f6nnen am Montagabend&hellip;","og_url":"https:\/\/www.kairosquartett.de\/en\/press-reviews\/klaenge-aus-der-dunkelkammer\/","og_site_name":"Kairos Quartett","article_publisher":"https:\/\/www.facebook.com\/people\/Kairos-Quartett\/100083232457507\/","article_modified_time":"2025-01-12T17:49:21+00:00","twitter_card":"summary_large_image","twitter_misc":{"Est. reading time":"3 minutes"},"schema":{"@context":"https:\/\/schema.org","@graph":[{"@type":"WebPage","@id":"https:\/\/www.kairosquartett.de\/en\/press-reviews\/klaenge-aus-der-dunkelkammer\/","url":"https:\/\/www.kairosquartett.de\/en\/press-reviews\/klaenge-aus-der-dunkelkammer\/","name":"Kl\u00e4nge aus der Dunkelkammer &#8226; Kairos Quartett","isPartOf":{"@id":"https:\/\/www.kairosquartett.de\/en\/#website"},"datePublished":"2010-09-19T00:12:49+00:00","dateModified":"2025-01-12T17:49:21+00:00","breadcrumb":{"@id":"https:\/\/www.kairosquartett.de\/en\/press-reviews\/klaenge-aus-der-dunkelkammer\/#breadcrumb"},"inLanguage":"en-US","potentialAction":[{"@type":"ReadAction","target":["https:\/\/www.kairosquartett.de\/en\/press-reviews\/klaenge-aus-der-dunkelkammer\/"]}]},{"@type":"BreadcrumbList","@id":"https:\/\/www.kairosquartett.de\/en\/press-reviews\/klaenge-aus-der-dunkelkammer\/#breadcrumb","itemListElement":[{"@type":"ListItem","position":1,"name":"Startseite","item":"https:\/\/www.kairosquartett.de\/en\/welcome\/"},{"@type":"ListItem","position":2,"name":"Pressestimmen","item":"https:\/\/www.kairosquartett.de\/en\/press-reviews\/"},{"@type":"ListItem","position":3,"name":"Kl\u00e4nge aus der Dunkelkammer"}]},{"@type":"WebSite","@id":"https:\/\/www.kairosquartett.de\/en\/#website","url":"https:\/\/www.kairosquartett.de\/en\/","name":"Kairos Quartett","description":"Official website of the Kairos Quartett, a professional quartet specialised in contemporary music based in Berlin, Germany.","publisher":{"@id":"https:\/\/www.kairosquartett.de\/en\/#organization"},"potentialAction":[{"@type":"SearchAction","target":{"@type":"EntryPoint","urlTemplate":"https:\/\/www.kairosquartett.de\/en\/?s={search_term_string}"},"query-input":{"@type":"PropertyValueSpecification","valueRequired":true,"valueName":"search_term_string"}}],"inLanguage":"en-US"},{"@type":"Organization","@id":"https:\/\/www.kairosquartett.de\/en\/#organization","name":"Kairos Quartett","url":"https:\/\/www.kairosquartett.de\/en\/","logo":{"@type":"ImageObject","inLanguage":"en-US","@id":"https:\/\/www.kairosquartett.de\/en\/#\/schema\/logo\/image\/","url":"https:\/\/www.kairosquartett.com\/wp-content\/uploads\/2023\/10\/cropped-kq-logo-512px.jpg","contentUrl":"https:\/\/www.kairosquartett.com\/wp-content\/uploads\/2023\/10\/cropped-kq-logo-512px.jpg","width":512,"height":512,"caption":"Kairos Quartett"},"image":{"@id":"https:\/\/www.kairosquartett.de\/en\/#\/schema\/logo\/image\/"},"sameAs":["https:\/\/www.facebook.com\/people\/Kairos-Quartett\/100083232457507\/"]}]}},"_links":{"self":[{"href":"https:\/\/www.kairosquartett.de\/en\/wp-json\/wp\/v2\/pressestimmen\/1674","targetHints":{"allow":["GET"]}}],"collection":[{"href":"https:\/\/www.kairosquartett.de\/en\/wp-json\/wp\/v2\/pressestimmen"}],"about":[{"href":"https:\/\/www.kairosquartett.de\/en\/wp-json\/wp\/v2\/types\/pressestimmen"}],"wp:attachment":[{"href":"https:\/\/www.kairosquartett.de\/en\/wp-json\/wp\/v2\/media?parent=1674"}],"curies":[{"name":"wp","href":"https:\/\/api.w.org\/{rel}","templated":true}]}}